{"id":10152,"date":"2024-10-22T11:43:23","date_gmt":"2024-10-22T16:43:23","guid":{"rendered":"https:\/\/colombiaopina.com.co\/?p=10152"},"modified":"2024-10-22T11:43:25","modified_gmt":"2024-10-22T16:43:25","slug":"gobierno-lanza-propuesta-de-gran-acuerdo-nacional-para-fortalecer-inversiones-locales-en-ciudades-no-capitales","status":"publish","type":"post","link":"https:\/\/colombiaopina.com.co\/index.php\/2024\/10\/22\/gobierno-lanza-propuesta-de-gran-acuerdo-nacional-para-fortalecer-inversiones-locales-en-ciudades-no-capitales\/","title":{"rendered":"Gobierno lanza propuesta de Gran Acuerdo Nacional para fortalecer inversiones locales en ciudades no capitales"},"content":{"rendered":"<p>El ministro del Interior, Juan Fernando Cristo, propuso un Gran Acuerdo Nacional a los alcaldes de las ciudades no capitales, con el objetivo de fortalecer la descentralizaci\u00f3n del Estado y asegurar m\u00e1s recursos para las inversiones locales. Durante una reuni\u00f3n con el Consejo Ejecutivo de la Federaci\u00f3n Colombiana de Municipios, Cristo subray\u00f3 la importancia de trabajar en conjunto para que las regiones puedan gestionar sus proyectos de manera m\u00e1s aut\u00f3noma.<\/p><p>El acuerdo busca que el 46.5 % de los ingresos corrientes de la naci\u00f3n se destinen a municipios y departamentos, cumpliendo con lo establecido en la Constituci\u00f3n de 1991. \u201cLa \u00fanica manera de que el Estado llegue a los territorios es mediante convenios con las gobernaciones y alcald\u00edas, quienes ejecutan mejor muchas competencias que la naci\u00f3n\u00bb, afirm\u00f3 el ministro. Adem\u00e1s, Cristo se\u00f1al\u00f3 que se deben priorizar proyectos locales que ya est\u00e1n en fase tres de desarrollo para asegurar su avance.<\/p><figure class=\"wp-block-image size-large\"><img loading=\"lazy\" decoding=\"async\" width=\"1024\" height=\"512\" src=\"https:\/\/colombiaopina.com.co\/wp-content\/uploads\/2024\/10\/2-MinInterior-lanzo-propuesta-a-alcaldes-de-ciudades-no-capitales-para-un-Gran-Acuerdo-Nacional-1024x512.jpeg\" alt=\"\" class=\"wp-image-10154\" srcset=\"https:\/\/colombiaopina.com.co\/wp-content\/uploads\/2024\/10\/2-MinInterior-lanzo-propuesta-a-alcaldes-de-ciudades-no-capitales-para-un-Gran-Acuerdo-Nacional-1024x512.jpeg 1024w, https:\/\/colombiaopina.com.co\/wp-content\/uploads\/2024\/10\/2-MinInterior-lanzo-propuesta-a-alcaldes-de-ciudades-no-capitales-para-un-Gran-Acuerdo-Nacional-300x150.jpeg 300w, https:\/\/colombiaopina.com.co\/wp-content\/uploads\/2024\/10\/2-MinInterior-lanzo-propuesta-a-alcaldes-de-ciudades-no-capitales-para-un-Gran-Acuerdo-Nacional-768x384.jpeg 768w, https:\/\/colombiaopina.com.co\/wp-content\/uploads\/2024\/10\/2-MinInterior-lanzo-propuesta-a-alcaldes-de-ciudades-no-capitales-para-un-Gran-Acuerdo-Nacional-150x75.jpeg 150w, https:\/\/colombiaopina.com.co\/wp-content\/uploads\/2024\/10\/2-MinInterior-lanzo-propuesta-a-alcaldes-de-ciudades-no-capitales-para-un-Gran-Acuerdo-Nacional-696x348.jpeg 696w, https:\/\/colombiaopina.com.co\/wp-content\/uploads\/2024\/10\/2-MinInterior-lanzo-propuesta-a-alcaldes-de-ciudades-no-capitales-para-un-Gran-Acuerdo-Nacional-1068x534.jpeg 1068w, https:\/\/colombiaopina.com.co\/wp-content\/uploads\/2024\/10\/2-MinInterior-lanzo-propuesta-a-alcaldes-de-ciudades-no-capitales-para-un-Gran-Acuerdo-Nacional-600x300.jpeg 600w, https:\/\/colombiaopina.com.co\/wp-content\/uploads\/2024\/10\/2-MinInterior-lanzo-propuesta-a-alcaldes-de-ciudades-no-capitales-para-un-Gran-Acuerdo-Nacional.jpeg 1200w\" sizes=\"(max-width: 1024px) 100vw, 1024px\" \/><\/figure><p>Uno de los puntos clave del acuerdo es el fortalecimiento fiscal de las regiones, que busca que, para 2035, los municipios y departamentos tengan m\u00e1s capacidades para gestionar \u00e1reas como la educaci\u00f3n, la pol\u00edtica de v\u00edctimas y programas como el PAE. Cristo tambi\u00e9n critic\u00f3 la creciente asignaci\u00f3n de recursos a la Unidad Nacional de Protecci\u00f3n (UNP), cuyo presupuesto pas\u00f3 de $700 mil millones a $2.8 billones en los \u00faltimos siete a\u00f1os, sugiriendo una revisi\u00f3n de su manejo.<\/p><p>Finalmente, el ministro hizo un llamado a los alcaldes para que se involucren en este proceso, recordando la necesidad de romper con la centralizaci\u00f3n y garantizar una gesti\u00f3n m\u00e1s \u00e1gil y efectiva de los recursos en las regiones, sin depender de tr\u00e1mites burocr\u00e1ticos a&nbsp;nivel&nbsp;nacional.<\/p>","protected":false},"excerpt":{"rendered":"<p>El ministro del Interior, Juan Fernando Cristo, propuso un Gran Acuerdo Nacional a los alcaldes de las ciudades no capitales, con el objetivo de fortalecer la descentralizaci\u00f3n del Estado y asegurar m\u00e1s recursos para las inversiones locales. Durante una reuni\u00f3n con el Consejo Ejecutivo de la Federaci\u00f3n Colombiana de Municipios, Cristo subray\u00f3 la importancia de [&hellip;]<\/p>\n","protected":false},"author":4,"featured_media":10153,"comment_status":"open","ping_status":"open","sticky":false,"template":"","format":"standard","meta":{"tdm_status":"","tdm_grid_status":"","_jetpack_memberships_contains_paid_content":false,"footnotes":""},"categories":[2586,39,46],"tags":[2863,93,227,1623,2862],"class_list":{"0":"post-10152","1":"post","2":"type-post","3":"status-publish","4":"format-standard","5":"has-post-thumbnail","7":"category-acuerdo-nacional","8":"category-colombia","9":"category-gobierno","10":"tag-ciudades-capitales","11":"tag-colombia","12":"tag-gobierno","13":"tag-gran-acuerdo-nacional","14":"tag-inversiones"},"jetpack_sharing_enabled":true,"jetpack_featured_media_url":"https:\/\/colombiaopina.com.co\/wp-content\/uploads\/2024\/10\/1-MinInterior-lanzo-propuesta-a-alcaldes-de-ciudades-no-capitales-para-un-Gran-Acuerdo-Nacional.jpg","amp_enabled":true,"_links":{"self":[{"href":"https:\/\/colombiaopina.com.co\/index.php\/wp-json\/wp\/v2\/posts\/10152"}],"collection":[{"href":"https:\/\/colombiaopina.com.co\/index.php\/wp-json\/wp\/v2\/posts"}],"about":[{"href":"https:\/\/colombiaopina.com.co\/index.php\/wp-json\/wp\/v2\/types\/post"}],"author":[{"embeddable":true,"href":"https:\/\/colombiaopina.com.co\/index.php\/wp-json\/wp\/v2\/users\/4"}],"replies":[{"embeddable":true,"href":"https:\/\/colombiaopina.com.co\/index.php\/wp-json\/wp\/v2\/comments?post=10152"}],"version-history":[{"count":1,"href":"https:\/\/colombiaopina.com.co\/index.php\/wp-json\/wp\/v2\/posts\/10152\/revisions"}],"predecessor-version":[{"id":10155,"href":"https:\/\/colombiaopina.com.co\/index.php\/wp-json\/wp\/v2\/posts\/10152\/revisions\/10155"}],"wp:featuredmedia":[{"embeddable":true,"href":"https:\/\/colombiaopina.com.co\/index.php\/wp-json\/wp\/v2\/media\/10153"}],"wp:attachment":[{"href":"https:\/\/colombiaopina.com.co\/index.php\/wp-json\/wp\/v2\/media?parent=10152"}],"wp:term":[{"taxonomy":"category","embeddable":true,"href":"https:\/\/colombiaopina.com.co\/index.php\/wp-json\/wp\/v2\/categories?post=10152"},{"taxonomy":"post_tag","embeddable":true,"href":"https:\/\/colombiaopina.com.co\/index.php\/wp-json\/wp\/v2\/tags?post=10152"}],"curies":[{"name":"wp","href":"https:\/\/api.w.org\/{rel}","templated":true}]}}