{"id":10083,"date":"2024-10-21T11:17:01","date_gmt":"2024-10-21T16:17:01","guid":{"rendered":"https:\/\/colombiaopina.com.co\/?p=10083"},"modified":"2024-10-21T11:17:03","modified_gmt":"2024-10-21T16:17:03","slug":"miguel-uribe-lanza-candidatura-presidencial-con-enfoque-en-seguridad-y-fuertes-criticas-a-gustavo-petro","status":"publish","type":"post","link":"https:\/\/colombiaopina.com.co\/index.php\/2024\/10\/21\/miguel-uribe-lanza-candidatura-presidencial-con-enfoque-en-seguridad-y-fuertes-criticas-a-gustavo-petro\/","title":{"rendered":"Miguel Uribe lanza candidatura presidencial con enfoque en seguridad y fuertes cr\u00edticas a Gustavo Petro"},"content":{"rendered":"<p>El senador Miguel Uribe Turbay oficializ\u00f3 su candidatura presidencial para 2026 en un acto lleno de fuertes declaraciones contra el gobierno de Gustavo Petro. Desde Copacabana, Antioquia, un lugar simb\u00f3lico para Uribe por la muerte de su madre a manos del narcotr\u00e1fico hace 33 a\u00f1os, el pol\u00edtico centr\u00f3 su discurso en promesas de recuperar la seguridad del pa\u00eds, a la vez que advert\u00eda sobre posibles intentos del gobierno actual de \u201crobarse\u201d las elecciones.<\/p><p>Uribe critic\u00f3 duramente la pol\u00edtica de \u00abpaz total\u00bb del presidente Petro, acusando al gobierno de haber debilitado las instituciones y negociado con el narcotr\u00e1fico y grupos armados. \u00abColombia est\u00e1 nuevamente en guerra, una peor que la de hace 30 a\u00f1os\u00bb, afirm\u00f3, asegurando que la seguridad en el pa\u00eds ha sido entregada a cambio de un proceso de paz que considera ca\u00f3tico e ineficaz.<\/p><figure class=\"wp-block-image size-full is-resized\"><img loading=\"lazy\" decoding=\"async\" width=\"1280\" height=\"1024\" src=\"https:\/\/colombiaopina.com.co\/wp-content\/uploads\/2024\/10\/3-Miguel-Uribe-sera-candidato-a-la-Presidencia-de-la-Republica.jpg\" alt=\"\" class=\"wp-image-10086\" style=\"width:696px;height:auto\" srcset=\"https:\/\/colombiaopina.com.co\/wp-content\/uploads\/2024\/10\/3-Miguel-Uribe-sera-candidato-a-la-Presidencia-de-la-Republica.jpg 1280w, https:\/\/colombiaopina.com.co\/wp-content\/uploads\/2024\/10\/3-Miguel-Uribe-sera-candidato-a-la-Presidencia-de-la-Republica-300x240.jpg 300w, https:\/\/colombiaopina.com.co\/wp-content\/uploads\/2024\/10\/3-Miguel-Uribe-sera-candidato-a-la-Presidencia-de-la-Republica-1024x819.jpg 1024w, https:\/\/colombiaopina.com.co\/wp-content\/uploads\/2024\/10\/3-Miguel-Uribe-sera-candidato-a-la-Presidencia-de-la-Republica-768x614.jpg 768w, https:\/\/colombiaopina.com.co\/wp-content\/uploads\/2024\/10\/3-Miguel-Uribe-sera-candidato-a-la-Presidencia-de-la-Republica-150x120.jpg 150w, https:\/\/colombiaopina.com.co\/wp-content\/uploads\/2024\/10\/3-Miguel-Uribe-sera-candidato-a-la-Presidencia-de-la-Republica-696x557.jpg 696w, https:\/\/colombiaopina.com.co\/wp-content\/uploads\/2024\/10\/3-Miguel-Uribe-sera-candidato-a-la-Presidencia-de-la-Republica-1068x854.jpg 1068w, https:\/\/colombiaopina.com.co\/wp-content\/uploads\/2024\/10\/3-Miguel-Uribe-sera-candidato-a-la-Presidencia-de-la-Republica-600x480.jpg 600w\" sizes=\"(max-width: 1280px) 100vw, 1280px\" \/><\/figure><p>En su discurso, Uribe asegur\u00f3 que su gobierno devolver\u00eda el control territorial a las Fuerzas Armadas y combatir\u00eda con fuerza a las bandas criminales. Reiter\u00f3 su compromiso de fortalecer las instituciones de seguridad y prometi\u00f3 reincorporar a los militares y polic\u00edas que, seg\u00fan \u00e9l, fueron apartados injustamente bajo la administraci\u00f3n de Petro. \u201cConmigo vuelve la seguridad\u201d, sentenci\u00f3, planteando que el pa\u00eds necesita mano firme contra el narcotr\u00e1fico y el crimen organizado.<\/p><figure class=\"wp-block-image size-full is-resized\"><img loading=\"lazy\" decoding=\"async\" width=\"300\" height=\"168\" src=\"https:\/\/colombiaopina.com.co\/wp-content\/uploads\/2024\/10\/2-Miguel-Uribe-sera-candidato-a-la-Presidencia-de-la-Republica.jpeg\" alt=\"\" class=\"wp-image-10085\" style=\"width:697px;height:auto\" srcset=\"https:\/\/colombiaopina.com.co\/wp-content\/uploads\/2024\/10\/2-Miguel-Uribe-sera-candidato-a-la-Presidencia-de-la-Republica.jpeg 300w, https:\/\/colombiaopina.com.co\/wp-content\/uploads\/2024\/10\/2-Miguel-Uribe-sera-candidato-a-la-Presidencia-de-la-Republica-150x84.jpeg 150w\" sizes=\"(max-width: 300px) 100vw, 300px\" \/><\/figure><p>Adem\u00e1s de sus cr\u00edticas en materia de seguridad, Uribe expres\u00f3 serias preocupaciones sobre la transparencia de las pr\u00f3ximas elecciones, sugiriendo que el actual gobierno podr\u00eda intentar manipular el proceso electoral. En respuesta, anunci\u00f3 que ha conformado un equipo de expertos para proteger el voto y garantizar la integridad de las elecciones, con la promesa de defender la democracia en todo momento.<\/p><p>Uribe ahora deber\u00e1 competir dentro de su partido, el Centro Democr\u00e1tico, con otros precandidatos como Mar\u00eda Fernanda Cabal, Paloma Valencia y Paola Holgu\u00edn, para ser el representante oficial de la colectividad&nbsp;en&nbsp;2026.<\/p>","protected":false},"excerpt":{"rendered":"<p>El senador Miguel Uribe Turbay oficializ\u00f3 su candidatura presidencial para 2026 en un acto lleno de fuertes declaraciones contra el gobierno de Gustavo Petro. Desde Copacabana, Antioquia, un lugar simb\u00f3lico para Uribe por la muerte de su madre a manos del narcotr\u00e1fico hace 33 a\u00f1os, el pol\u00edtico centr\u00f3 su discurso en promesas de recuperar la [&hellip;]<\/p>\n","protected":false},"author":4,"featured_media":10084,"comment_status":"open","ping_status":"open","sticky":false,"template":"","format":"standard","meta":{"tdm_status":"","tdm_grid_status":"","_jetpack_memberships_contains_paid_content":false,"footnotes":""},"categories":[2824,39,86],"tags":[2825,93,2489,192,65],"class_list":{"0":"post-10083","1":"post","2":"type-post","3":"status-publish","4":"format-standard","5":"has-post-thumbnail","7":"category-candidatura","8":"category-colombia","9":"category-politica","10":"tag-candidatura","11":"tag-colombia","12":"tag-miguel-uribe","13":"tag-politica","14":"tag-seguridad"},"jetpack_sharing_enabled":true,"jetpack_featured_media_url":"https:\/\/colombiaopina.com.co\/wp-content\/uploads\/2024\/10\/1-Miguel-Uribe-sera-candidato-a-la-Presidencia-de-la-Republica.jpg","amp_enabled":true,"_links":{"self":[{"href":"https:\/\/colombiaopina.com.co\/index.php\/wp-json\/wp\/v2\/posts\/10083"}],"collection":[{"href":"https:\/\/colombiaopina.com.co\/index.php\/wp-json\/wp\/v2\/posts"}],"about":[{"href":"https:\/\/colombiaopina.com.co\/index.php\/wp-json\/wp\/v2\/types\/post"}],"author":[{"embeddable":true,"href":"https:\/\/colombiaopina.com.co\/index.php\/wp-json\/wp\/v2\/users\/4"}],"replies":[{"embeddable":true,"href":"https:\/\/colombiaopina.com.co\/index.php\/wp-json\/wp\/v2\/comments?post=10083"}],"version-history":[{"count":1,"href":"https:\/\/colombiaopina.com.co\/index.php\/wp-json\/wp\/v2\/posts\/10083\/revisions"}],"predecessor-version":[{"id":10087,"href":"https:\/\/colombiaopina.com.co\/index.php\/wp-json\/wp\/v2\/posts\/10083\/revisions\/10087"}],"wp:featuredmedia":[{"embeddable":true,"href":"https:\/\/colombiaopina.com.co\/index.php\/wp-json\/wp\/v2\/media\/10084"}],"wp:attachment":[{"href":"https:\/\/colombiaopina.com.co\/index.php\/wp-json\/wp\/v2\/media?parent=10083"}],"wp:term":[{"taxonomy":"category","embeddable":true,"href":"https:\/\/colombiaopina.com.co\/index.php\/wp-json\/wp\/v2\/categories?post=10083"},{"taxonomy":"post_tag","embeddable":true,"href":"https:\/\/colombiaopina.com.co\/index.php\/wp-json\/wp\/v2\/tags?post=10083"}],"curies":[{"name":"wp","href":"https:\/\/api.w.org\/{rel}","templated":true}]}}