{"id":10065,"date":"2024-10-21T10:53:05","date_gmt":"2024-10-21T15:53:05","guid":{"rendered":"https:\/\/colombiaopina.com.co\/?p=10065"},"modified":"2024-10-21T11:08:14","modified_gmt":"2024-10-21T16:08:14","slug":"grupos-armados-vuelven-a-sembrar-terror-en-el-cauca-ejercito-desmantela-reten-ilegal-y-captura-a-tres-guerrilleros","status":"publish","type":"post","link":"https:\/\/colombiaopina.com.co\/index.php\/2024\/10\/21\/grupos-armados-vuelven-a-sembrar-terror-en-el-cauca-ejercito-desmantela-reten-ilegal-y-captura-a-tres-guerrilleros\/","title":{"rendered":"Grupos armados vuelven a sembrar terror en el Cauca: Ej\u00e9rcito desmantela ret\u00e9n ilegal y captura a tres guerrilleros"},"content":{"rendered":"<p>La Fuerza P\u00fablica neutraliz\u00f3 una peligrosa operaci\u00f3n de la disidencia \u00abDagoberto Ramos\u00bb en la v\u00eda Panamericana, devolviendo la calma a una regi\u00f3n asediada por la violencia.<\/p><p>En un operativo llevado a cabo este domingo 20 de octubre, el Ej\u00e9rcito Nacional desmantel\u00f3 un ret\u00e9n ilegal que hab\u00eda sido instalado por integrantes del grupo armado \u00abDagoberto Ramos\u00bb en la v\u00eda Panamericana, entre Popay\u00e1n y Piendam\u00f3, en el departamento del Cauca. La intervenci\u00f3n permiti\u00f3 la captura de tres presuntos guerrilleros, la incautaci\u00f3n de fusiles y la recuperaci\u00f3n de seis camionetas robadas. Dos de los capturados resultaron heridos durante el enfrentamiento con las fuerzas militares.<\/p><figure class=\"wp-block-image size-full\"><img loading=\"lazy\" decoding=\"async\" width=\"780\" height=\"520\" src=\"https:\/\/colombiaopina.com.co\/wp-content\/uploads\/2024\/10\/2-Reten-ilegal-en-la-via-Panamericana-entre-Popayan-y-Piendamo.png\" alt=\"\" class=\"wp-image-10067\" srcset=\"https:\/\/colombiaopina.com.co\/wp-content\/uploads\/2024\/10\/2-Reten-ilegal-en-la-via-Panamericana-entre-Popayan-y-Piendamo.png 780w, https:\/\/colombiaopina.com.co\/wp-content\/uploads\/2024\/10\/2-Reten-ilegal-en-la-via-Panamericana-entre-Popayan-y-Piendamo-300x200.png 300w, https:\/\/colombiaopina.com.co\/wp-content\/uploads\/2024\/10\/2-Reten-ilegal-en-la-via-Panamericana-entre-Popayan-y-Piendamo-768x512.png 768w, https:\/\/colombiaopina.com.co\/wp-content\/uploads\/2024\/10\/2-Reten-ilegal-en-la-via-Panamericana-entre-Popayan-y-Piendamo-150x100.png 150w, https:\/\/colombiaopina.com.co\/wp-content\/uploads\/2024\/10\/2-Reten-ilegal-en-la-via-Panamericana-entre-Popayan-y-Piendamo-696x464.png 696w, https:\/\/colombiaopina.com.co\/wp-content\/uploads\/2024\/10\/2-Reten-ilegal-en-la-via-Panamericana-entre-Popayan-y-Piendamo-600x400.png 600w\" sizes=\"(max-width: 780px) 100vw, 780px\" \/><\/figure><p>Este ret\u00e9n, que hab\u00eda generado gran preocupaci\u00f3n entre los habitantes y conductores de la regi\u00f3n, fue reportado por transe\u00fantes que presenciaron c\u00f3mo hombres armados bloqueaban la carretera y reten\u00edan veh\u00edculos en el sector de El T\u00fanel, en Cajib\u00edo. La r\u00e1pida reacci\u00f3n de las tropas de la Brigada 29 permiti\u00f3 neutralizar la operaci\u00f3n antes de que el grupo armado lograra afianzar su control sobre la zona. Las im\u00e1genes que circularon en redes sociales mostraban a los guerrilleros saliendo de una vivienda para interceptar a los veh\u00edculos que transitaban por la v\u00eda, lo que caus\u00f3 terror entre los conductores.<\/p><p>La captura de los tres presuntos guerrilleros representa un golpe significativo para la estructura de alias Iv\u00e1n Mordisco, cabecilla de la disidencia de las Farc que sigue causando estragos en el departamento del Cauca. El Ej\u00e9rcito asegur\u00f3 que la v\u00eda Panamericana volvi\u00f3 a operar con normalidad tras el operativo, y se reforzaron los controles en la regi\u00f3n para evitar nuevos ataques.<\/p><figure class=\"wp-block-embed is-type-rich is-provider-twitter wp-block-embed-twitter\"><div class=\"wp-block-embed__wrapper\">\n<blockquote class=\"twitter-tweet\" data-width=\"550\" data-dnt=\"true\"><p lang=\"es\" dir=\"ltr\">\u00a1Acci\u00f3n coordinada desde el <a href=\"https:\/\/twitter.com\/hashtag\/ConsejodeSeguridad?src=hash&amp;ref_src=twsrc%5Etfw\">#ConsejodeSeguridad<\/a>! \u2705 El <a href=\"https:\/\/twitter.com\/COL_EJERCITO?ref_src=twsrc%5Etfw\">@COL_EJERCITO<\/a> y la <a href=\"https:\/\/twitter.com\/PoliciaColombia?ref_src=twsrc%5Etfw\">@PoliciaColombia<\/a> retomaron el control de la V\u00eda Panamericana en El T\u00fanel, capturando a 4 delincuentes que intentaban atemorizar a la comunidad con un ret\u00e9n ilegal.<a href=\"https:\/\/twitter.com\/hashtag\/CaucaUnido?src=hash&amp;ref_src=twsrc%5Etfw\">#CaucaUnido<\/a> <a href=\"https:\/\/t.co\/bNv89HflNn\">pic.twitter.com\/bNv89HflNn<\/a><\/p>&mdash; Gobernaci\u00f3n del Cauca (@GobCauca) <a href=\"https:\/\/twitter.com\/GobCauca\/status\/1848079259794866206?ref_src=twsrc%5Etfw\">October 20, 2024<\/a><\/blockquote><script async src=\"https:\/\/platform.twitter.com\/widgets.js\" charset=\"utf-8\"><\/script>\n<\/div><\/figure><p>Este hecho se suma a otros recientes incidentes en la regi\u00f3n, como el ataque perpetrado el pasado 14 de octubre, cuando miembros de grupos armados ilegales incendiaron un autob\u00fas en la misma v\u00eda. Estos constantes actos de violencia han generado un clima de inseguridad que preocupa tanto a la poblaci\u00f3n como a las autoridades, quienes redoblan esfuerzos para garantizar la seguridad en una de las zonas m\u00e1s conflictivas&nbsp;del&nbsp;pa\u00eds.<\/p>","protected":false},"excerpt":{"rendered":"<p>La Fuerza P\u00fablica neutraliz\u00f3 una peligrosa operaci\u00f3n de la disidencia \u00abDagoberto Ramos\u00bb en la v\u00eda Panamericana, devolviendo la calma a una regi\u00f3n asediada por la violencia. En un operativo llevado a cabo este domingo 20 de octubre, el Ej\u00e9rcito Nacional desmantel\u00f3 un ret\u00e9n ilegal que hab\u00eda sido instalado por integrantes del grupo armado \u00abDagoberto Ramos\u00bb [&hellip;]<\/p>\n","protected":false},"author":4,"featured_media":10066,"comment_status":"open","ping_status":"open","sticky":false,"template":"","format":"standard","meta":{"tdm_status":"","tdm_grid_status":"","_jetpack_memberships_contains_paid_content":false,"footnotes":""},"categories":[2805,2704,2815],"tags":[1140,1028,1945,1827,2698,2814],"class_list":{"0":"post-10065","1":"post","2":"type-post","3":"status-publish","4":"format-standard","5":"has-post-thumbnail","7":"category-cauca","8":"category-ejercito","9":"category-reten","10":"tag-captura","11":"tag-cauca","12":"tag-ejercito-2","13":"tag-grupos-armados","14":"tag-guerrilleros","15":"tag-reten"},"jetpack_sharing_enabled":true,"jetpack_featured_media_url":"https:\/\/colombiaopina.com.co\/wp-content\/uploads\/2024\/10\/1-Reten-ilegal-en-la-via-Panamericana-entre-Popayan-y-Piendamo.png","amp_enabled":true,"_links":{"self":[{"href":"https:\/\/colombiaopina.com.co\/index.php\/wp-json\/wp\/v2\/posts\/10065"}],"collection":[{"href":"https:\/\/colombiaopina.com.co\/index.php\/wp-json\/wp\/v2\/posts"}],"about":[{"href":"https:\/\/colombiaopina.com.co\/index.php\/wp-json\/wp\/v2\/types\/post"}],"author":[{"embeddable":true,"href":"https:\/\/colombiaopina.com.co\/index.php\/wp-json\/wp\/v2\/users\/4"}],"replies":[{"embeddable":true,"href":"https:\/\/colombiaopina.com.co\/index.php\/wp-json\/wp\/v2\/comments?post=10065"}],"version-history":[{"count":1,"href":"https:\/\/colombiaopina.com.co\/index.php\/wp-json\/wp\/v2\/posts\/10065\/revisions"}],"predecessor-version":[{"id":10068,"href":"https:\/\/colombiaopina.com.co\/index.php\/wp-json\/wp\/v2\/posts\/10065\/revisions\/10068"}],"wp:featuredmedia":[{"embeddable":true,"href":"https:\/\/colombiaopina.com.co\/index.php\/wp-json\/wp\/v2\/media\/10066"}],"wp:attachment":[{"href":"https:\/\/colombiaopina.com.co\/index.php\/wp-json\/wp\/v2\/media?parent=10065"}],"wp:term":[{"taxonomy":"category","embeddable":true,"href":"https:\/\/colombiaopina.com.co\/index.php\/wp-json\/wp\/v2\/categories?post=10065"},{"taxonomy":"post_tag","embeddable":true,"href":"https:\/\/colombiaopina.com.co\/index.php\/wp-json\/wp\/v2\/tags?post=10065"}],"curies":[{"name":"wp","href":"https:\/\/api.w.org\/{rel}","templated":true}]}}