{"id":10028,"date":"2024-10-18T14:49:22","date_gmt":"2024-10-18T19:49:22","guid":{"rendered":"https:\/\/colombiaopina.com.co\/?p=10028"},"modified":"2024-10-18T14:49:25","modified_gmt":"2024-10-18T19:49:25","slug":"petro-no-debera-retractarse-por-llamar-munecas-de-la-mafia-a-periodistas-consejo-de-estado-desestima-tutela","status":"publish","type":"post","link":"https:\/\/colombiaopina.com.co\/index.php\/2024\/10\/18\/petro-no-debera-retractarse-por-llamar-munecas-de-la-mafia-a-periodistas-consejo-de-estado-desestima-tutela\/","title":{"rendered":"Petro no deber\u00e1 retractarse por llamar \u00abmu\u00f1ecas de la mafia\u00bb a periodistas: Consejo de Estado desestima tutela"},"content":{"rendered":"<p>El Consejo de Estado decidi\u00f3 declarar improcedente la tutela interpuesta contra el presidente Gustavo Petro, presentada por el abogado Germ\u00e1n Calder\u00f3n Espa\u00f1a, en relaci\u00f3n con las declaraciones del mandatario en las que se refiri\u00f3 a algunas mujeres periodistas como \u00abmu\u00f1ecas de la mafia\u00bb. Esta expresi\u00f3n, pronunciada durante un discurso de Petro, fue considerada por el demandante como una violaci\u00f3n de los derechos fundamentales de las comunicadoras.<\/p><p>El recurso de tutela buscaba que el presidente se retractara, argumentando que sus palabras afectaban la dignidad y derechos de las mujeres que ejercen el periodismo en Colombia. Calder\u00f3n Espa\u00f1a se\u00f1alaba en su documento que ning\u00fan Estado de derecho debe permitir la marginaci\u00f3n o discriminaci\u00f3n de un grupo social, en este caso, las periodistas, por el valor que representan en la democracia y en la protecci\u00f3n de la justicia.<\/p><figure class=\"wp-block-image size-full\"><img loading=\"lazy\" decoding=\"async\" width=\"706\" height=\"392\" src=\"https:\/\/colombiaopina.com.co\/wp-content\/uploads\/2024\/10\/2-Petro-no-debera-retractarse-por-llamar-munecas-de-la-mafia-a-periodistas.jpg\" alt=\"\" class=\"wp-image-10029\" srcset=\"https:\/\/colombiaopina.com.co\/wp-content\/uploads\/2024\/10\/2-Petro-no-debera-retractarse-por-llamar-munecas-de-la-mafia-a-periodistas.jpg 706w, https:\/\/colombiaopina.com.co\/wp-content\/uploads\/2024\/10\/2-Petro-no-debera-retractarse-por-llamar-munecas-de-la-mafia-a-periodistas-300x167.jpg 300w, https:\/\/colombiaopina.com.co\/wp-content\/uploads\/2024\/10\/2-Petro-no-debera-retractarse-por-llamar-munecas-de-la-mafia-a-periodistas-150x83.jpg 150w, https:\/\/colombiaopina.com.co\/wp-content\/uploads\/2024\/10\/2-Petro-no-debera-retractarse-por-llamar-munecas-de-la-mafia-a-periodistas-696x386.jpg 696w, https:\/\/colombiaopina.com.co\/wp-content\/uploads\/2024\/10\/2-Petro-no-debera-retractarse-por-llamar-munecas-de-la-mafia-a-periodistas-600x333.jpg 600w\" sizes=\"(max-width: 706px) 100vw, 706px\" \/><\/figure><p>El Consejo de Estado, sin embargo, consider\u00f3 que la acci\u00f3n de tutela no proced\u00eda en este caso, lo que exime al presidente Petro de retractarse p\u00fablicamente por sus declaraciones. Aunque la expresi\u00f3n gener\u00f3 fuertes cr\u00edticas desde distintos sectores, la decisi\u00f3n judicial argumenta que no hubo vulneraci\u00f3n directa a los derechos fundamentales de las periodistas.<\/p><p>Este fallo ha sido recibido con opiniones divididas. Mientras algunos defienden la libertad de expresi\u00f3n del presidente, otros cuestionan el impacto de sus palabras en un contexto de respeto a la dignidad y la igualdad&nbsp;de&nbsp;g\u00e9nero.<\/p><figure class=\"wp-block-image size-large\"><img loading=\"lazy\" decoding=\"async\" width=\"1024\" height=\"576\" src=\"https:\/\/colombiaopina.com.co\/wp-content\/uploads\/2024\/10\/3-Petro-no-debera-retractarse-por-llamar-munecas-de-la-mafia-a-periodistas-1024x576.jpg\" alt=\"\" class=\"wp-image-10030\" srcset=\"https:\/\/colombiaopina.com.co\/wp-content\/uploads\/2024\/10\/3-Petro-no-debera-retractarse-por-llamar-munecas-de-la-mafia-a-periodistas-1024x576.jpg 1024w, https:\/\/colombiaopina.com.co\/wp-content\/uploads\/2024\/10\/3-Petro-no-debera-retractarse-por-llamar-munecas-de-la-mafia-a-periodistas-300x169.jpg 300w, https:\/\/colombiaopina.com.co\/wp-content\/uploads\/2024\/10\/3-Petro-no-debera-retractarse-por-llamar-munecas-de-la-mafia-a-periodistas-768x432.jpg 768w, https:\/\/colombiaopina.com.co\/wp-content\/uploads\/2024\/10\/3-Petro-no-debera-retractarse-por-llamar-munecas-de-la-mafia-a-periodistas-150x84.jpg 150w, https:\/\/colombiaopina.com.co\/wp-content\/uploads\/2024\/10\/3-Petro-no-debera-retractarse-por-llamar-munecas-de-la-mafia-a-periodistas-696x392.jpg 696w, https:\/\/colombiaopina.com.co\/wp-content\/uploads\/2024\/10\/3-Petro-no-debera-retractarse-por-llamar-munecas-de-la-mafia-a-periodistas-1068x601.jpg 1068w, https:\/\/colombiaopina.com.co\/wp-content\/uploads\/2024\/10\/3-Petro-no-debera-retractarse-por-llamar-munecas-de-la-mafia-a-periodistas-600x338.jpg 600w, https:\/\/colombiaopina.com.co\/wp-content\/uploads\/2024\/10\/3-Petro-no-debera-retractarse-por-llamar-munecas-de-la-mafia-a-periodistas.jpg 1280w\" sizes=\"(max-width: 1024px) 100vw, 1024px\" \/><\/figure>","protected":false},"excerpt":{"rendered":"<p>El Consejo de Estado decidi\u00f3 declarar improcedente la tutela interpuesta contra el presidente Gustavo Petro, presentada por el abogado Germ\u00e1n Calder\u00f3n Espa\u00f1a, en relaci\u00f3n con las declaraciones del mandatario en las que se refiri\u00f3 a algunas mujeres periodistas como \u00abmu\u00f1ecas de la mafia\u00bb. Esta expresi\u00f3n, pronunciada durante un discurso de Petro, fue considerada por el [&hellip;]<\/p>\n","protected":false},"author":4,"featured_media":10031,"comment_status":"open","ping_status":"open","sticky":false,"template":"","format":"standard","meta":{"tdm_status":"","tdm_grid_status":"","_jetpack_memberships_contains_paid_content":false,"footnotes":""},"categories":[2801,46,103],"tags":[93,227,2310,2803,135],"class_list":{"0":"post-10028","1":"post","2":"type-post","3":"status-publish","4":"format-standard","5":"has-post-thumbnail","7":"category-consejo-de-estado","8":"category-gobierno","9":"category-petro","10":"tag-colombia","11":"tag-gobierno","12":"tag-munecas-de-la-mafia","13":"tag-periodistas","14":"tag-petro"},"jetpack_sharing_enabled":true,"jetpack_featured_media_url":"https:\/\/colombiaopina.com.co\/wp-content\/uploads\/2024\/10\/1-Petro-no-debera-retractarse-por-llamar-munecas-de-la-mafia-a-periodistas.jpeg","amp_enabled":true,"_links":{"self":[{"href":"https:\/\/colombiaopina.com.co\/index.php\/wp-json\/wp\/v2\/posts\/10028"}],"collection":[{"href":"https:\/\/colombiaopina.com.co\/index.php\/wp-json\/wp\/v2\/posts"}],"about":[{"href":"https:\/\/colombiaopina.com.co\/index.php\/wp-json\/wp\/v2\/types\/post"}],"author":[{"embeddable":true,"href":"https:\/\/colombiaopina.com.co\/index.php\/wp-json\/wp\/v2\/users\/4"}],"replies":[{"embeddable":true,"href":"https:\/\/colombiaopina.com.co\/index.php\/wp-json\/wp\/v2\/comments?post=10028"}],"version-history":[{"count":1,"href":"https:\/\/colombiaopina.com.co\/index.php\/wp-json\/wp\/v2\/posts\/10028\/revisions"}],"predecessor-version":[{"id":10032,"href":"https:\/\/colombiaopina.com.co\/index.php\/wp-json\/wp\/v2\/posts\/10028\/revisions\/10032"}],"wp:featuredmedia":[{"embeddable":true,"href":"https:\/\/colombiaopina.com.co\/index.php\/wp-json\/wp\/v2\/media\/10031"}],"wp:attachment":[{"href":"https:\/\/colombiaopina.com.co\/index.php\/wp-json\/wp\/v2\/media?parent=10028"}],"wp:term":[{"taxonomy":"category","embeddable":true,"href":"https:\/\/colombiaopina.com.co\/index.php\/wp-json\/wp\/v2\/categories?post=10028"},{"taxonomy":"post_tag","embeddable":true,"href":"https:\/\/colombiaopina.com.co\/index.php\/wp-json\/wp\/v2\/tags?post=10028"}],"curies":[{"name":"wp","href":"https:\/\/api.w.org\/{rel}","templated":true}]}}